[{"@context":"https:\/\/schema.org\/","@type":"Article","@id":"https:\/\/www.alldeco.cz\/jak-dobre-vybrat-lustry-a-tim-zajistit-spravne-osvetleni\/#Article","mainEntityOfPage":"https:\/\/www.alldeco.cz\/jak-dobre-vybrat-lustry-a-tim-zajistit-spravne-osvetleni\/","headline":"Jak dob\u0159e vybrat lustry a t\u00edm zajistit spr\u00e1vn\u00e9 osv\u011btlen\u00ed","name":"Jak dob\u0159e vybrat lustry a t\u00edm zajistit spr\u00e1vn\u00e9 osv\u011btlen\u00ed","description":"Vymyslet a za\u0159\u00eddit dobr\u00e9 osv\u011btlen\u00ed v dom\u00e1cnosti tak, aby bylo funk\u010dn\u00ed a z\u00e1rove\u0148 p\u011bkn\u00e9, je&#8230;<div class=\"more-link-wrapper\"><a class=\"more-link\" href=\"https:\/\/www.alldeco.cz\/jak-dobre-vybrat-lustry-a-tim-zajistit-spravne-osvetleni\/\">P\u0159e\u010d\u00edst<span class=\"screen-reader-text\">Jak dob\u0159e vybrat lustry a t\u00edm zajistit spr\u00e1vn\u00e9 osv\u011btlen\u00ed<\/span><\/a><\/div>","datePublished":"2022-04-26","dateModified":"2022-04-26","author":{"@type":"Person","@id":"https:\/\/www.alldeco.cz\/author\/devene\/#Person","name":"devene","url":"https:\/\/www.alldeco.cz\/author\/devene\/","identifier":1,"image":{"@type":"ImageObject","@id":"https:\/\/secure.gravatar.com\/avatar\/ade5060b95d9432296fc92debd2ba3136f7a4d727a7bc57afe18c4808c7d7ac9?s=96&d=mm&r=g","url":"https:\/\/secure.gravatar.com\/avatar\/ade5060b95d9432296fc92debd2ba3136f7a4d727a7bc57afe18c4808c7d7ac9?s=96&d=mm&r=g","height":96,"width":96}},"publisher":{"@type":"Organization","name":"alldeco.cz","logo":{"@type":"ImageObject","@id":"\/logo.png","url":"\/logo.png","width":600,"height":60}},"image":{"@type":"ImageObject","@id":"https:\/\/www.alldeco.cz\/wp-content\/uploads\/chair-g7ad7329b8_640_2.jpg","url":"https:\/\/www.alldeco.cz\/wp-content\/uploads\/chair-g7ad7329b8_640_2.jpg","height":0,"width":0},"url":"https:\/\/www.alldeco.cz\/jak-dobre-vybrat-lustry-a-tim-zajistit-spravne-osvetleni\/","about":["Zbo\u017e\u00ed"],"wordCount":444,"articleBody":"    Vymyslet a za\u0159\u00eddit dobr\u00e9 osv\u011btlen\u00ed v dom\u00e1cnosti tak, aby bylo funk\u010dn\u00ed a z\u00e1rove\u0148 p\u011bkn\u00e9, je vcelku n\u00e1ro\u010dn\u00e9. Je pot\u0159eba si v ka\u017ed\u00e9 m\u00edstnosti ujasnit, zda je lad\u011bn\u00e1 do n\u011bjak\u00e9ho stylu a podle toho si n\u00e1sledn\u011b vyb\u00edrat druh a typ lustru a dal\u0161\u00edho osv\u011btlen\u00ed.P\u0159i v\u00fdb\u011bru je tak\u00e9 pot\u0159eba si ujasnit, zda chci m\u00edt m\u00edstnost projasn\u011bnou, zda je pot\u0159eba n\u011bjak\u00fd kout v\u00edce prosv\u011btlit. N\u011bkdy je v dan\u00e9 m\u00edstnosti n\u011bco zaj\u00edmav\u00e9ho, co se hod\u00ed nasv\u011btlit a zd\u016fraznit to tak. M\u016f\u017ee j\u00edt o obraz, sochu \u010di n\u011bco dal\u0161\u00edho a v\u00fdznamn\u00e9ho.A n\u011bkdy je prost\u011b i o prakti\u010dnost p\u0159i v\u00fdb\u011bru. Nap\u0159\u00edklad lustr do kuchyn\u011b by m\u011bl nejenom ladit ke kuchyni a jej\u00edmu stylu, ale tak\u00e9 by m\u011bl vrhat dostatek sv\u011btla, prosv\u011btlit danou m\u00edstnost a zbyte\u010dn\u011b sv\u011btlo neub\u00edrat. Samoz\u0159ejm\u011b se do kuchyn\u011b hod\u00ed i dal\u0161\u00ed osv\u011btlen\u00ed pracovn\u00ed linky \u010di j\u00eddeln\u00edho stolu.V jin\u00fdch m\u00edstnost\u00ed je mo\u017en\u00e9 si dovolit tlumen\u011bj\u0161\u00ed osv\u011btlen\u00ed. Nebo si ho v pr\u016fb\u011bhu dne r\u016fzn\u00e9 upravovat. Je mo\u017en\u00e9 nechat sv\u00edtit b\u00edl\u00fdm sv\u011btlem a k ve\u010deru zvolit tlumen\u00e9 \u017elut\u00e9 sv\u011btlo. P\u0159ed span\u00edm se doporu\u010duje sv\u00edtit pr\u00e1v\u011b \u017elut\u00fdm sv\u011btlem, co\u017e by m\u011blo n\u00e1sledn\u011b pomoci p\u0159i us\u00edn\u00e1n\u00ed. Proto se tlumen\u011bj\u0161\u00ed osv\u011btlen\u00ed hod\u00ed do lo\u017enice \u010di do ob\u00fdvac\u00edho pokoje.Dal\u0161\u00ed krit\u00e9ria si m\u016f\u017ee ka\u017ed\u00fd je\u0161t\u011b p\u0159idat podle sv\u00fdch dal\u0161\u00edch po\u017eadavk\u016f. Lustry se vyr\u00e1b\u011bj\u00ed v r\u016fzn\u00e9m proveden\u00ed a z r\u016fzn\u00fdch materi\u00e1l\u016f a d\u00edky tomu poskytuj\u00ed velk\u00fd v\u00fdb\u011br pro v\u011bt\u0161inu lid\u00ed. Lze tak p\u011bkn\u011b v\u0161e v dom\u00e1cnosti doladit a sjednotit. Lustr m\u016f\u017ee b\u00fdt dominantn\u00edm prvkem v dan\u00e9 m\u00edstnosti anebo jen neutr\u00e1ln\u00edm pomocn\u00edkem, kter\u00fd sice v m\u00edstnosti lad\u00ed, ale nen\u00ed jeho hlavn\u00ed dominantou. Lustr by tak m\u011bl b\u00fdt nejenom estetick\u00fd, ale tak\u00e9 hlavn\u011b praktick\u00fd. Je opravdu t\u0159eba p\u0159i v\u00fdb\u011bru zv\u00e1\u017eit, zda dan\u00fd lustr nebude zbyte\u010dn\u011b sv\u011btlo pohlcovat a nebude d\u00edky sv\u00e9mu zpracov\u00e1n\u00ed sv\u00edtit jen pod sebe. V n\u011bjak\u00fdm m\u00edstnostech by to mohlo vadit, ov\u0161em v n\u011bkter\u00fdch je to naopak v\u00fdhodou.                                                                                                                                                                                                                                                                                                                                                                                                 "},{"@context":"https:\/\/schema.org\/","@type":"BreadcrumbList","itemListElement":[{"@type":"ListItem","position":1,"name":"Jak dob\u0159e vybrat lustry a t\u00edm zajistit spr\u00e1vn\u00e9 osv\u011btlen\u00ed","item":"https:\/\/www.alldeco.cz\/jak-dobre-vybrat-lustry-a-tim-zajistit-spravne-osvetleni\/#breadcrumbitem"}]}]