[{"@context":"https:\/\/schema.org\/","@type":"Article","@id":"https:\/\/www.alldeco.cz\/jaka-specifika-musi-mit-prepravka-na-ovoce\/#Article","mainEntityOfPage":"https:\/\/www.alldeco.cz\/jaka-specifika-musi-mit-prepravka-na-ovoce\/","headline":"Jak\u00e1 specifika mus\u00ed m\u00edt p\u0159epravka na ovoce","name":"Jak\u00e1 specifika mus\u00ed m\u00edt p\u0159epravka na ovoce","description":"O tom, \u017ee ovoce je zdrav\u00e9 a my bychom jej m\u011bli \u010dasto konzumovat, nen\u00ed pochyb.&#8230;<div class=\"more-link-wrapper\"><a class=\"more-link\" href=\"https:\/\/www.alldeco.cz\/jaka-specifika-musi-mit-prepravka-na-ovoce\/\">P\u0159e\u010d\u00edst<span class=\"screen-reader-text\">Jak\u00e1 specifika mus\u00ed m\u00edt p\u0159epravka na ovoce<\/span><\/a><\/div>","datePublished":"2024-04-13","dateModified":"2024-04-13","author":{"@type":"Person","@id":"https:\/\/www.alldeco.cz\/author\/devene\/#Person","name":"devene","url":"https:\/\/www.alldeco.cz\/author\/devene\/","identifier":1,"image":{"@type":"ImageObject","@id":"https:\/\/secure.gravatar.com\/avatar\/ade5060b95d9432296fc92debd2ba3136f7a4d727a7bc57afe18c4808c7d7ac9?s=96&d=mm&r=g","url":"https:\/\/secure.gravatar.com\/avatar\/ade5060b95d9432296fc92debd2ba3136f7a4d727a7bc57afe18c4808c7d7ac9?s=96&d=mm&r=g","height":96,"width":96}},"publisher":{"@type":"Organization","name":"alldeco.cz","logo":{"@type":"ImageObject","@id":"\/logo.png","url":"\/logo.png","width":600,"height":60}},"image":{"@type":"ImageObject","@id":"https:\/\/www.alldeco.cz\/wp-content\/uploads\/zahrada3_10.jpg","url":"https:\/\/www.alldeco.cz\/wp-content\/uploads\/zahrada3_10.jpg","height":0,"width":0},"url":"https:\/\/www.alldeco.cz\/jaka-specifika-musi-mit-prepravka-na-ovoce\/","about":["Zbo\u017e\u00ed"],"wordCount":432,"articleBody":"   O tom, \u017ee ovoce je zdrav\u00e9 a my bychom jej m\u011bli \u010dasto konzumovat, nen\u00ed pochyb. Mnoho z n\u00e1s v\u0161ak d\u00e1v\u00e1 p\u0159ednost tomu exotick\u00e9mu p\u0159ed t\u00edm, kter\u00e9 lze vyp\u011bstovat v na\u0161ich kon\u010din\u00e1ch. Je proto nutn\u00e9 jej k n\u00e1m dopravit \u010dasto i z velk\u00e9 d\u00e1lky, a to nen\u00ed snadn\u00fd \u00fakol. P\u0159eci jen, ka\u017ed\u00fd z n\u00e1s v\u00ed, jak snadno se zkaz\u00ed, a \u017ee sta\u010d\u00ed lehk\u00e9 natlu\u010den\u00ed, aby se b\u011bhem dne \u010di dvou ji\u017e nedalo zkonzumovat. Je tedy jasn\u00e9, \u017ee jeho doprava mus\u00ed prob\u00edhat za p\u0159\u00edsn\u00fdch podm\u00ednek. Ka\u017ed\u00fd po\u0161kozen\u00fd neprodejn\u00fd kus toti\u017e znamen\u00e1 pro firmu ztr\u00e1tu.Jedn\u00edm z pomocn\u00edk\u016f, kter\u00e9 zde pou\u017e\u00edv\u00e1me, je i speci\u00e1ln\u00ed p\u0159epravka na ovoce. Ta se od t\u011bch b\u011b\u017en\u00fd li\u0161\u00ed sv\u00fdm vzhledem. Je toti\u017e konstruov\u00e1na tak, aby umo\u017enila bezpe\u010dnou a snadnou p\u0159epravu ovoce. Kv\u016fli tomu tak\u00e9 mus\u00ed m\u00edt ur\u010dit\u00e9 vlastnosti, kter\u00e9 u ostatn\u00edch nejsou obvykl\u00e9.V prvn\u00ed \u0159ad\u011b je to dobr\u00e9 v\u011btr\u00e1n\u00ed. Ovocn\u00e9 p\u0159epravky maj\u00ed nejen volnou horn\u00ed st\u011bnu, tedy jsou bez v\u00edka, ale tak\u00e9 na st\u011bn\u00e1ch i dnu maj\u00ed spoustu otvor\u016f. To je d\u016fle\u017eit\u00e9, aby se mezi ovocem nedr\u017eela vlhkost. Ta by mohla snadno p\u016fsobit plesniv\u011bn\u00ed, kter\u00e9 se snadno roz\u0161\u00ed\u0159\u00ed po cel\u00e9 v\u00e1rce. Obchodn\u00edk by pak musel v\u0161e, co je v on\u00e9 p\u0159epravce, vyhodit, co\u017e by znamenalo zna\u010dnou ztr\u00e1tu.D\u00e1le jsou to podlo\u017eky, nap\u0159\u00edklad pro jablka. Jedn\u00e1 se o vrstvy, kter\u00e9 v sob\u011b maj\u00ed d\u016flky, do kter\u00fdch se jednotliv\u00e9 kusy ovoce naskl\u00e1daj\u00ed. Jist\u011b, lze to prov\u00e9st pouze u v\u011bt\u0161\u00edch druh\u016f, jako jsou jablka, hru\u0161ky \u010di pomeran\u010de. T\u0159eba u ryb\u00edzu, bor\u016fvek nebo malin je n\u011bco takov\u00e9ho nemo\u017en\u00e9, av\u0161ak i tyto jsou pokud mo\u017eno rovnom\u011brn\u011b rozprost\u0159eny po cel\u00e9 d\u00e9lce.Je to proto, aby se jednotliv\u00e9 kusy o sebe p\u0159i p\u0159eprav\u011b neotloukly. Ta toti\u017e obvykle nen\u00ed zrovna p\u0159\u00edjemn\u00e1 \u2013 na silnic\u00edch m\u00e1me d\u00edry, prudk\u00e9 zat\u00e1\u010dky \u010di zastavov\u00e1n\u00ed, a nic z toho rozhodn\u011b na\u0161emu n\u00e1kladu neprosp\u00edv\u00e1. Nen\u00ed tedy divu, \u017ee jej chceme zajistit i proti t\u011bmto eventualit\u00e1m.V\u00fdsledkem pak je, \u017ee n\u00e1m p\u0159ijde do obchodu v dobr\u00e9m stavu, a m\u016f\u017eeme jej d\u00e1t do prodeje \u2013 co\u017e je ostatn\u011b to, co jsme zam\u00fd\u0161leli.                                                                                                                                                                                                                                                                                                                                                                                          4.2\/5 - (13 votes)        "},{"@context":"https:\/\/schema.org\/","@type":"BreadcrumbList","itemListElement":[{"@type":"ListItem","position":1,"name":"Jak\u00e1 specifika mus\u00ed m\u00edt p\u0159epravka na ovoce","item":"https:\/\/www.alldeco.cz\/jaka-specifika-musi-mit-prepravka-na-ovoce\/#breadcrumbitem"}]}]