[{"@context":"https:\/\/schema.org\/","@type":"Article","@id":"https:\/\/www.alldeco.cz\/nemate-cas-si-myt-vlasy\/#Article","mainEntityOfPage":"https:\/\/www.alldeco.cz\/nemate-cas-si-myt-vlasy\/","headline":"Nem\u00e1te \u010das si m\u00fdt vlasy?","name":"Nem\u00e1te \u010das si m\u00fdt vlasy?","description":"Such\u00e9 \u0161ampony nejsou na trhu \u017e\u00e1dnou novinkou a to ani na trhu \u010desk\u00e9m, kde jak&#8230;<div class=\"more-link-wrapper\"><a class=\"more-link\" href=\"https:\/\/www.alldeco.cz\/nemate-cas-si-myt-vlasy\/\">P\u0159e\u010d\u00edst<span class=\"screen-reader-text\">Nem\u00e1te \u010das si m\u00fdt vlasy?<\/span><\/a><\/div>","datePublished":"2025-02-24","dateModified":"2025-02-24","author":{"@type":"Person","@id":"https:\/\/www.alldeco.cz\/author\/devene\/#Person","name":"devene","url":"https:\/\/www.alldeco.cz\/author\/devene\/","identifier":1,"image":{"@type":"ImageObject","@id":"https:\/\/secure.gravatar.com\/avatar\/ade5060b95d9432296fc92debd2ba3136f7a4d727a7bc57afe18c4808c7d7ac9?s=96&d=mm&r=g","url":"https:\/\/secure.gravatar.com\/avatar\/ade5060b95d9432296fc92debd2ba3136f7a4d727a7bc57afe18c4808c7d7ac9?s=96&d=mm&r=g","height":96,"width":96}},"publisher":{"@type":"Organization","name":"alldeco.cz","logo":{"@type":"ImageObject","@id":"\/logo.png","url":"\/logo.png","width":600,"height":60}},"image":{"@type":"ImageObject","@id":"https:\/\/www.alldeco.cz\/wp-content\/uploads\/img_a316530_w2055_t1527495792.jpg","url":"https:\/\/www.alldeco.cz\/wp-content\/uploads\/img_a316530_w2055_t1527495792.jpg","height":0,"width":0},"url":"https:\/\/www.alldeco.cz\/nemate-cas-si-myt-vlasy\/","wordCount":491,"articleBody":"Such\u00e9 \u0161ampony nejsou na trhu \u017e\u00e1dnou novinkou a to ani na trhu \u010desk\u00e9m, kde jak v\u00edme, kde co p\u0159ijde pozd\u011bji, ne\u017e do jin\u00fdch \u010d\u00e1st\u00ed sv\u011bta.N\u011bkte\u0159\u00ed lid\u00e9, kte\u0159\u00ed se nezab\u00fdvaj\u00ed kosmetiku a vychyt\u00e1vky typu such\u00fd \u0161ampon je nezaj\u00edmaj\u00ed, by si mohli myslet, \u017ee je to pr\u00e1\u0161ek, kter\u00fd se sm\u00edch\u00e1 s vodou a je to. Abyste jako t\u0159eba nemuseli tahat t\u011b\u017ek\u00e9 \u0161ampony na cesty. Nicm\u00e9n\u011b tak to nen\u00ed.Co to tedy je?Tento vyn\u00e1lez dne\u0161n\u00ed doby je pr\u00e1\u0161ek, kter\u00fd se nanese do vlas\u016f a vy\u010de\u0161e se. Kdy\u017e ho do vlas\u016f vprav\u00edte, nasaje na sebe mastnotu, vlasy osv\u011b\u017e\u00ed a dod\u00e1 jim objem, tak\u017ee va\u0161e vlasy vypadaj\u00ed zase o n\u011bco l\u00e9pe, ne\u017e p\u0159ed jeho pou\u017eit\u00edm a m\u016f\u017eete klidn\u011b vyrazit mezi lidi bez myt\u00ed, vysou\u0161en\u00ed a stylizov\u00e1n\u00ed vlas\u016f.Pr\u00e1\u0161ek na myt\u00ed vlas\u016f?Such\u00fd \u0161ampon se\u017eenete jako pr\u00e1\u0161ek, kter\u00fd si do vlas\u016f nasypete anebo ho m\u016f\u017eete koupit ji\u017e jako sprej, kter\u00fd do vlas\u016f nast\u0159\u00edk\u00e1te. Proto\u017ee se jedn\u00e1 o velmi \u017e\u00e1dan\u00fd v\u00fdrobek, se\u017eenete ho i pro r\u016fzn\u00e9 barvy vlas\u016f. Nap\u0159\u00edklad pro tmav\u00e9, abyste nem\u011bli na vlasech b\u00edl\u00e9 pruhy. Samoz\u0159ejm\u011b m\u016f\u017eete naj\u00edt i takov\u00fd, kter\u00fd zvy\u0161uje objem vlas\u016f apod.U\u017e si nemus\u00edm m\u00fdt vlasy?Samoz\u0159ejm\u011b se jedn\u00e1 pouze o dopln\u011bk hygieny a o takovou posledn\u00ed z\u00e1chranu, kdy\u017e nem\u00e1te jinou mo\u017enost, \u010das a p\u0159\u00edle\u017eitost si vlasy um\u00fdt. Jedn\u00e1 se opravdu o chvilkovou z\u00e1le\u017eitost.Co tedy pro dom\u00e1c\u00ed v\u00fdrobu koupit?\u00b7\u00a0\u00a0\u00a0\u00a0\u00a0\u00a0\u00a0\u00a0 hrnek kuku\u0159i\u010dn\u00e9ho \u0161krobu\u00b7\u00a0\u00a0\u00a0\u00a0\u00a0\u00a0\u00a0\u00a0 hrnek kakaa (nebo hn\u011bd\u00e9ho j\u00edlu)\u00b7\u00a0\u00a0\u00a0\u00a0\u00a0\u00a0\u00a0\u00a0 kapku \u00e9terick\u00e9ho oleje\u00b7\u00a0\u00a0\u00a0\u00a0\u00a0\u00a0\u00a0\u00a0 d\u00f3zu na jeho uskladn\u011bn\u00ed\u00b7\u00a0\u00a0\u00a0\u00a0\u00a0\u00a0\u00a0\u00a0 kosmetick\u00fd \u0161t\u011btec na nan\u00e1\u0161en\u00edTyto uveden\u00e9 ingredience, tedy \u0161krob, j\u00edl (kakao) a kapka \u00e9terick\u00e9ho oleje se sm\u00edch\u00e1, respektive sp\u00ed\u0161e prot\u0159epe. Kakao p\u0159idejte podle toho, jak tmav\u00e9 vlasy m\u00e1te. Pokud m\u00e1te vlasy platinov\u00e9, nep\u0159id\u00e1vejte v\u016fbec, pokud jste tmavovl\u00e1ska, p\u0159idejte v\u00edce. Ide\u00e1ln\u011b si odzkou\u0161ejte sama doma a postupn\u011b mno\u017estv\u00ed kakaa \u010di j\u00edlu vyla\u010fte.Tuto sm\u011bs, podobn\u011b jako barvu na odrostu, naneste do vlas\u016f. Ze zku\u0161enosti tak\u00e9 v\u00edme, \u017ee je dobr\u00e9 d\u00e1t tento vznikl\u00fd pr\u00e1\u0161ek nap\u0159\u00edklad do obal\u016f od d\u011btsk\u00fdch pudr\u016f, proto\u017ee je fajn d\u00edrkami pr\u00e1\u0161ek ke ko\u0159\u00ednk\u016fm vlas\u016f nasyp\u00e1vat a pot\u00e9 roz\u010des\u00e1vat. \u00dapln\u011b nejide\u00e1ln\u011bj\u0161\u00ed cestou, jak vy\u010des\u00e1vat tento a v podstat\u011b jak\u00fdkoli such\u00fd pr\u00e1\u0161ek z vlas\u016f je, \u017ee si ho vy\u010des\u00e1v\u00e1te prost\u0159ednictv\u00edm foukac\u00ed kulmy. T\u00edm si nejen d\u016fkladn\u011b vlasy od zbytk\u016f o\u010dist\u00edte, ale tak\u00e9 nastylizujete vlasy ihned do po\u017eadovan\u00e9ho \u00fa\u010desu.                                                                                                                                                                                                                                                                                                                                                                                        3.8\/5 - (12 votes)        "},{"@context":"https:\/\/schema.org\/","@type":"BreadcrumbList","itemListElement":[{"@type":"ListItem","position":1,"name":"Nem\u00e1te \u010das si m\u00fdt vlasy?","item":"https:\/\/www.alldeco.cz\/nemate-cas-si-myt-vlasy\/#breadcrumbitem"}]}]