[{"@context":"https:\/\/schema.org\/","@type":"Article","@id":"https:\/\/www.alldeco.cz\/pro-povolani-i-soukromi\/#Article","mainEntityOfPage":"https:\/\/www.alldeco.cz\/pro-povolani-i-soukromi\/","headline":"Pro povol\u00e1n\u00ed i soukrom\u00ed","name":"Pro povol\u00e1n\u00ed i soukrom\u00ed","description":"Um\u011bt jednat je vlastnost\u00ed, kter\u00e1 se cen\u00ed hlavn\u011b u lid\u00ed ve vy\u0161\u0161\u00edch pozic\u00edch. Lid\u00e9, kte\u0159\u00ed&#8230;<div class=\"more-link-wrapper\"><a class=\"more-link\" href=\"https:\/\/www.alldeco.cz\/pro-povolani-i-soukromi\/\">P\u0159e\u010d\u00edst<span class=\"screen-reader-text\">Pro povol\u00e1n\u00ed i soukrom\u00ed<\/span><\/a><\/div>","datePublished":"2024-04-14","dateModified":"2024-04-14","author":{"@type":"Person","@id":"https:\/\/www.alldeco.cz\/author\/devene\/#Person","name":"devene","url":"https:\/\/www.alldeco.cz\/author\/devene\/","identifier":1,"image":{"@type":"ImageObject","@id":"https:\/\/secure.gravatar.com\/avatar\/ade5060b95d9432296fc92debd2ba3136f7a4d727a7bc57afe18c4808c7d7ac9?s=96&d=mm&r=g","url":"https:\/\/secure.gravatar.com\/avatar\/ade5060b95d9432296fc92debd2ba3136f7a4d727a7bc57afe18c4808c7d7ac9?s=96&d=mm&r=g","height":96,"width":96}},"publisher":{"@type":"Organization","name":"alldeco.cz","logo":{"@type":"ImageObject","@id":"\/logo.png","url":"\/logo.png","width":600,"height":60}},"url":"https:\/\/www.alldeco.cz\/pro-povolani-i-soukromi\/","wordCount":238,"articleBody":"Um\u011bt jednat je vlastnost\u00ed, kter\u00e1 se cen\u00ed hlavn\u011b u lid\u00ed ve vy\u0161\u0161\u00edch pozic\u00edch. Lid\u00e9, kte\u0159\u00ed neum\u00ed jednat s ostatn\u00edmi lidmi, nejsou \u010dasto obl\u00edben\u00ed, proto\u017ee ostatn\u00ed v\u00ed, co si mohou dovolit. To se ale m\u016f\u017ee zm\u011bnit, pokud v\u00edte, na koho se obr\u00e1tit. M\u016f\u017eete se v\u0161e nau\u010dit, jak ovl\u00e1dat emoce, jak se vyznat v konverzac\u00edch, a to jak pracovn\u00edch \u010di osobn\u00edch, tak\u00e9 se m\u016f\u017eete nau\u010dit, jak spr\u00e1vn\u011b jednat. V\u0161e je to ot\u00e1zka va\u0161eho z\u00e1jmu. Pokud si to povol\u00e1n\u00ed \u017e\u00e1d\u00e1, je to dokonce povinnost um\u011bt dokonale jednat s lidmi, kte\u0159\u00ed v\u00e1s mohou velice snadno ovlivnit a p\u0159ipravit v\u00e1s tak nap\u0159\u00edklad o v\u00fdd\u011blek.Nepodl\u00e9hejte emoc\u00edmD\u00edky mana\u017eersk\u00fdm kurz\u016fm asertivity se budete moci kone\u010dn\u011b c\u00edtit sebev\u011bdom\u011bji. Nen\u00ed to jen t\u00edm, \u017ee budete um\u011bt volit slova do komunikace, ale \u010dasto budete vych\u00e1zet ze v\u0161ech jedn\u00e1n\u00ed na jedni\u010dku, proto\u017ee budete daleko p\u0159ed ostatn\u00edmi. N\u011bkdy je t\u011b\u017ek\u00e9 nepodlehnout emoc\u00edm, \u010di se sebou nenechat manipulovat, a pr\u00e1v\u011b proto je d\u016fle\u017eit\u00e9 um\u011bt se asertivn\u011b chovat, co\u017e v\u00e1s nau\u010d\u00ed nejenom r\u016fzn\u00e9 kurzy, ale tak\u00e9 r\u016fzn\u00ed lid\u00e9, kte\u0159\u00ed v\u011bd\u00ed, jak se v dan\u00e9 oblasti maj\u00ed orientovat.                                                                                                                                                                                                                                                                                                                                                                                        4.7\/5 - (6 votes)        "},{"@context":"https:\/\/schema.org\/","@type":"BreadcrumbList","itemListElement":[{"@type":"ListItem","position":1,"name":"Pro povol\u00e1n\u00ed i soukrom\u00ed","item":"https:\/\/www.alldeco.cz\/pro-povolani-i-soukromi\/#breadcrumbitem"}]}]