[{"@context":"https:\/\/schema.org\/","@type":"Article","@id":"https:\/\/www.alldeco.cz\/usetrete-na-sve-svatbe-diky-zapujceni-svatebnich-satu\/#Article","mainEntityOfPage":"https:\/\/www.alldeco.cz\/usetrete-na-sve-svatbe-diky-zapujceni-svatebnich-satu\/","headline":"U\u0161et\u0159ete na sv\u00e9 svatb\u011b d\u00edky zap\u016fj\u010den\u00ed svatebn\u00edch \u0161at\u016f","name":"U\u0161et\u0159ete na sv\u00e9 svatb\u011b d\u00edky zap\u016fj\u010den\u00ed svatebn\u00edch \u0161at\u016f","description":"Bl\u00ed\u017e\u00ed se n\u00e1\u0161 den D, kdy vstoup\u00edme do stavu man\u017eelsk\u00e9ho, ale finan\u010dn\u00ed str\u00e1nka se n\u00e1m&#8230;<div class=\"more-link-wrapper\"><a class=\"more-link\" href=\"https:\/\/www.alldeco.cz\/usetrete-na-sve-svatbe-diky-zapujceni-svatebnich-satu\/\">P\u0159e\u010d\u00edst<span class=\"screen-reader-text\">U\u0161et\u0159ete na sv\u00e9 svatb\u011b d\u00edky zap\u016fj\u010den\u00ed svatebn\u00edch \u0161at\u016f<\/span><\/a><\/div>","datePublished":"2022-03-28","dateModified":"2022-03-28","author":{"@type":"Person","@id":"https:\/\/www.alldeco.cz\/author\/devene\/#Person","name":"devene","url":"https:\/\/www.alldeco.cz\/author\/devene\/","identifier":1,"image":{"@type":"ImageObject","@id":"https:\/\/secure.gravatar.com\/avatar\/ade5060b95d9432296fc92debd2ba3136f7a4d727a7bc57afe18c4808c7d7ac9?s=96&d=mm&r=g","url":"https:\/\/secure.gravatar.com\/avatar\/ade5060b95d9432296fc92debd2ba3136f7a4d727a7bc57afe18c4808c7d7ac9?s=96&d=mm&r=g","height":96,"width":96}},"publisher":{"@type":"Organization","name":"alldeco.cz","logo":{"@type":"ImageObject","@id":"\/logo.png","url":"\/logo.png","width":600,"height":60}},"image":{"@type":"ImageObject","@id":"https:\/\/www.alldeco.cz\/wp-content\/uploads\/wedding-dress-gcc175b917_640.jpg","url":"https:\/\/www.alldeco.cz\/wp-content\/uploads\/wedding-dress-gcc175b917_640.jpg","height":0,"width":0},"url":"https:\/\/www.alldeco.cz\/usetrete-na-sve-svatbe-diky-zapujceni-svatebnich-satu\/","about":["Podnik\u00e1n\u00ed"],"wordCount":413,"articleBody":"        Bl\u00ed\u017e\u00ed se n\u00e1\u0161 den D, kdy vstoup\u00edme do stavu man\u017eelsk\u00e9ho, ale finan\u010dn\u00ed str\u00e1nka se n\u00e1m u\u017e opravdu ten\u010d\u00ed. V\u0161e je hodn\u011b drah\u00e9, ale my si chceme dop\u0159\u00e1t kr\u00e1snou svatbu o kter\u00e9 se bude mluvit je\u0161t\u011b mnoho let. Kde u\u0161et\u0159it? Svatebn\u00ed \u0161aty jsou jednou z velmi n\u00e1kladn\u00fdch polo\u017eek. Nev\u011bsta by m\u011bla zv\u00e1\u017eit mo\u017enosti o zap\u016fj\u010den\u00ed svatebn\u00edch \u0161at\u016f, aby nemusela platit plnou cenu. \u0160aty, i kdy\u017e p\u016fj\u010den\u00e9, m\u016f\u017eou b\u00fdt n\u00e1dhern\u00e9 a skvostn\u00e9 jako \u0161aty \u00fapln\u011b nov\u00e9. Sta\u010d\u00ed se rozhl\u00e9dnout. P\u016fj\u010dovna svatebn\u00edch \u0161at\u016f Praha V\u00e1m pom\u016f\u017ee s v\u00fdb\u011brem.V\u0161ichni chceme tot\u00e9\u017e, a to abyste byla ta nejkr\u00e1sn\u011bj\u0161\u00ed princezna. Proto ud\u011bl\u00e1me naprost\u00e9 maximum abyste byla spokojen\u00e1. Pod\u00edvejte se na n\u00e1dhern\u00e9 \u0161aty, kter\u00e9 V\u00e1m vyraz\u00ed dech. Mo\u017enost\u00ed je spousta. M\u00e1te r\u00e1da krajky? Cht\u011bla byste m\u00edt odhalen\u00e1 z\u00e1da \u010di nikoliv? Va\u0161e po\u017eadavky jsou pro n\u00e1s prioritou. Pokud si nebudete v\u011bd\u011bt rady, r\u00e1di p\u0159isp\u011bch\u00e1me s mnoholet\u00fdmi zku\u0161enostmi a uk\u00e1\u017eeme V\u00e1m, co by V\u00e1m nejl\u00e9pe sed\u011blo a v \u010dem byste byla naprosto neodolateln\u00e1.Ka\u017ed\u00e9mu slu\u0161\u00ed n\u011bco jin\u00e9ho a ka\u017ed\u00fd m\u00e1me jin\u00fd vkus, ale d\u00edky proporc\u00edm t\u011bla a celkov\u00e9 stavby t\u011bla m\u016f\u017eeme pomoci vybrat nejvhodn\u011bj\u0161\u00ed mo\u017enost pro zv\u00fdrazn\u011bn\u00ed kr\u00e1sn\u00fdch k\u0159ivek anebo zakryt\u00ed nehezk\u00e9ho znam\u00e9nka. \u0160aty V\u00e1m mus\u00ed padnout jako ulit\u00e9. Nebojte se, v tomto ohromn\u00e9m mno\u017estv\u00ed si vyberete v\u00edce ne\u017e jen jedny a pak sp\u00ed\u0161e budeme spekulovat, kter\u00e9 z nich jsou ty prav\u00e9. Do svatebn\u00edch \u0161at\u016f n\u00e1m \u010dasto mluv\u00ed i budouc\u00ed \u017eenich nebo maminka nev\u011bsty. Hlavn\u00ed slovo m\u00e1 ale nev\u011bsta! Tak na co je\u0161t\u011b \u010dek\u00e1te? Poj\u010fme se pod\u00edvat na tu sn\u011bhob\u00edlou kr\u00e1snou pod\u00edvanou s vy\u0161it\u00fdmi kraje\u010dkami po cel\u00e9m obvodu t\u011bla nebo na sn\u011bhob\u00edlou a\u017e kr\u00e9movou na\u0159asenou spodni\u010dku. Ka\u017ed\u00e9 \u0161aty jsou origin\u00e1lem, kter\u00e9 nesou kvalitu a preciznost zpracov\u00e1n\u00ed. Ta nejlep\u0161\u00ed l\u00e1tka \u0161lecht\u00ed majest\u00e1tnost a originalitu svatebn\u00edch \u0161at\u016f v jak\u00e9mkoliv proveden\u00ed. V\u0161e je vyr\u00e1b\u011bno s l\u00e1skou a n\u011b\u017enost\u00ed.                                                                                                                                                                                                                                                                                                                                                                                          4.1\/5 - (13 votes)        "},{"@context":"https:\/\/schema.org\/","@type":"BreadcrumbList","itemListElement":[{"@type":"ListItem","position":1,"name":"U\u0161et\u0159ete na sv\u00e9 svatb\u011b d\u00edky zap\u016fj\u010den\u00ed svatebn\u00edch \u0161at\u016f","item":"https:\/\/www.alldeco.cz\/usetrete-na-sve-svatbe-diky-zapujceni-svatebnich-satu\/#breadcrumbitem"}]}]