[{"@context":"https:\/\/schema.org\/","@type":"Article","@id":"https:\/\/www.alldeco.cz\/vyuzijte-posezeni-za-kazdeho-pocasi\/#Article","mainEntityOfPage":"https:\/\/www.alldeco.cz\/vyuzijte-posezeni-za-kazdeho-pocasi\/","headline":"Vyu\u017eijte posezen\u00ed za ka\u017ed\u00e9ho po\u010das\u00ed","name":"Vyu\u017eijte posezen\u00ed za ka\u017ed\u00e9ho po\u010das\u00ed","description":"Zimn\u00ed zahrada je dokonal\u00e1 harmonie Chcete zv\u00fd\u0161it atraktivitu Va\u0161eho bydlen\u00ed? V tomto p\u0159\u00edpad\u011b budou pro&#8230;<div class=\"more-link-wrapper\"><a class=\"more-link\" href=\"https:\/\/www.alldeco.cz\/vyuzijte-posezeni-za-kazdeho-pocasi\/\">P\u0159e\u010d\u00edst<span class=\"screen-reader-text\">Vyu\u017eijte posezen\u00ed za ka\u017ed\u00e9ho po\u010das\u00ed<\/span><\/a><\/div>","datePublished":"2025-01-01","dateModified":"2025-01-01","author":{"@type":"Person","@id":"https:\/\/www.alldeco.cz\/author\/devene\/#Person","name":"devene","url":"https:\/\/www.alldeco.cz\/author\/devene\/","identifier":1,"image":{"@type":"ImageObject","@id":"https:\/\/secure.gravatar.com\/avatar\/ade5060b95d9432296fc92debd2ba3136f7a4d727a7bc57afe18c4808c7d7ac9?s=96&d=mm&r=g","url":"https:\/\/secure.gravatar.com\/avatar\/ade5060b95d9432296fc92debd2ba3136f7a4d727a7bc57afe18c4808c7d7ac9?s=96&d=mm&r=g","height":96,"width":96}},"publisher":{"@type":"Organization","name":"alldeco.cz","logo":{"@type":"ImageObject","@id":"\/logo.png","url":"\/logo.png","width":600,"height":60}},"url":"https:\/\/www.alldeco.cz\/vyuzijte-posezeni-za-kazdeho-pocasi\/","wordCount":195,"articleBody":" Zimn\u00ed zahrada je dokonal\u00e1 harmonie Chcete zv\u00fd\u0161it atraktivitu Va\u0161eho bydlen\u00ed? V tomto p\u0159\u00edpad\u011b budou pro V\u00e1s zimn\u00ed zahrady tou spr\u00e1vnou volbou. Najednou se ocitnete uprost\u0159ed p\u0159\u00edrody, kde m\u016f\u017eete za jak\u00e9hokoli po\u010das\u00ed v klidu pove\u010de\u0159et, posn\u00eddat nebo si d\u00e1t s p\u0159\u00e1teli k\u00e1vu. M\u00edsto pro zazimov\u00e1n\u00ed va\u0161ich letni\u010dek Na\u0161e firma vyr\u00e1b\u00ed a montuje zimn\u00ed zahrady v\u010detn\u011b p\u0159\u00edslu\u0161enstv\u00ed, d\u00e1le V\u00e1m m\u016f\u017eeme zhotovit mark\u00fdzy a terasy. Syst\u00e9m, kter\u00fd nab\u00edz\u00edme je od N\u011bmeck\u00e9ho renomovan\u00e9ho v\u00fdrobce s 35-ti letou tradic\u00ed a je jeden z nejpropracovan\u011bj\u0161\u00edch co v sou\u010dasn\u00e9 dob\u011b existuje. Jej\u00edm po\u0159\u00edzen\u00edm o\u017eiv\u00edte V\u00e1\u0161 d\u016fm, v\u00fdrazn\u011b prosv\u011btl\u00edte a zv\u011bt\u0161\u00edte V\u00e1\u0161 obytn\u00fd prostor a nav\u00edc m\u016f\u017eete b\u00fdt st\u00e1le obklopeni zelen\u00ed. Realizace po cel\u00e9 \u010cR Jsme Olomouck\u00e1 firma, p\u0159esto pro n\u00e1s nen\u00ed \u017e\u00e1dn\u00fd probl\u00e9m V\u00e1s nav\u0161t\u00edvit kdekoli a zkonzultovat v\u0161e na m\u00edst\u011b. Zimn\u00ed zahrady realizujeme po cel\u00e9 \u010cesk\u00e9 republice.                                                                                                                                                                                                                                                                                                                                                                                        3\/5 - (2 votes)        "},{"@context":"https:\/\/schema.org\/","@type":"BreadcrumbList","itemListElement":[{"@type":"ListItem","position":1,"name":"Vyu\u017eijte posezen\u00ed za ka\u017ed\u00e9ho po\u010das\u00ed","item":"https:\/\/www.alldeco.cz\/vyuzijte-posezeni-za-kazdeho-pocasi\/#breadcrumbitem"}]}]