{"@context":"https:\/\/schema.org\/","@type":"CollectionPage","@id":"https:\/\/www.alldeco.cz\/zbozi\/#CollectionPage","headline":"Zbo\u017e\u00ed Category","description":"","url":"https:\/\/www.alldeco.cz\/zbozi\/","hasPart":[{"@type":"Article","@id":"https:\/\/www.alldeco.cz\/kratom-je-opravdu-oblibeny\/","headline":"Kratom je opravdu obl\u00edben\u00fd","url":"https:\/\/www.alldeco.cz\/kratom-je-opravdu-oblibeny\/","datePublished":"2026-07-09","dateModified":"2026-07-09","mainEntityOfPage":"https:\/\/www.alldeco.cz\/kratom-je-opravdu-oblibeny\/","author":{"@type":"Person","@id":"https:\/\/www.alldeco.cz\/author\/devene\/#Person","name":"devene","url":"https:\/\/www.alldeco.cz\/author\/devene\/","identifier":1,"image":{"@type":"ImageObject","@id":"https:\/\/secure.gravatar.com\/avatar\/ade5060b95d9432296fc92debd2ba3136f7a4d727a7bc57afe18c4808c7d7ac9?s=96&d=mm&r=g","url":"https:\/\/secure.gravatar.com\/avatar\/ade5060b95d9432296fc92debd2ba3136f7a4d727a7bc57afe18c4808c7d7ac9?s=96&d=mm&r=g","height":96,"width":96}},"publisher":{"@type":"Organization","name":"alldeco.cz","logo":{"@type":"ImageObject","@id":"\/logo.png","url":"\/logo.png","width":600,"height":60}},"image":{"@type":"ImageObject","@id":"https:\/\/www.alldeco.cz\/wp-content\/uploads\/zelen%C3%BD%20kratom%201_7.jpg","url":"https:\/\/www.alldeco.cz\/wp-content\/uploads\/zelen%C3%BD%20kratom%201_7.jpg","height":0,"width":0},"keywords":null},{"@type":"Article","@id":"https:\/\/www.alldeco.cz\/antigenni-testy-koupite-online\/","headline":"Antigenn\u00ed testy koup\u00edte online","url":"https:\/\/www.alldeco.cz\/antigenni-testy-koupite-online\/","datePublished":"2026-06-28","dateModified":"2026-06-28","mainEntityOfPage":"https:\/\/www.alldeco.cz\/antigenni-testy-koupite-online\/","author":{"@type":"Person","@id":"https:\/\/www.alldeco.cz\/author\/devene\/#Person","name":"devene","url":"https:\/\/www.alldeco.cz\/author\/devene\/","identifier":1,"image":{"@type":"ImageObject","@id":"https:\/\/secure.gravatar.com\/avatar\/ade5060b95d9432296fc92debd2ba3136f7a4d727a7bc57afe18c4808c7d7ac9?s=96&d=mm&r=g","url":"https:\/\/secure.gravatar.com\/avatar\/ade5060b95d9432296fc92debd2ba3136f7a4d727a7bc57afe18c4808c7d7ac9?s=96&d=mm&r=g","height":96,"width":96}},"publisher":{"@type":"Organization","name":"alldeco.cz","logo":{"@type":"ImageObject","@id":"\/logo.png","url":"\/logo.png","width":600,"height":60}},"image":{"@type":"ImageObject","@id":"https:\/\/www.alldeco.cz\/wp-content\/uploads\/artpolka-covid-4941846_640%20(1).png","url":"https:\/\/www.alldeco.cz\/wp-content\/uploads\/artpolka-covid-4941846_640%20(1).png","height":0,"width":0},"keywords":null},{"@type":"Article","@id":"https:\/\/www.alldeco.cz\/efektivni-rizeni-vztahu-se-zakazniky\/","headline":"Efektivn\u00ed \u0159\u00edzen\u00ed vztah\u016f se z\u00e1kazn\u00edky","url":"https:\/\/www.alldeco.cz\/efektivni-rizeni-vztahu-se-zakazniky\/","datePublished":"2026-06-03","dateModified":"2026-06-03","mainEntityOfPage":"https:\/\/www.alldeco.cz\/efektivni-rizeni-vztahu-se-zakazniky\/","author":{"@type":"Person","@id":"https:\/\/www.alldeco.cz\/author\/devene\/#Person","name":"devene","url":"https:\/\/www.alldeco.cz\/author\/devene\/","identifier":1,"image":{"@type":"ImageObject","@id":"https:\/\/secure.gravatar.com\/avatar\/ade5060b95d9432296fc92debd2ba3136f7a4d727a7bc57afe18c4808c7d7ac9?s=96&d=mm&r=g","url":"https:\/\/secure.gravatar.com\/avatar\/ade5060b95d9432296fc92debd2ba3136f7a4d727a7bc57afe18c4808c7d7ac9?s=96&d=mm&r=g","height":96,"width":96}},"publisher":{"@type":"Organization","name":"alldeco.cz","logo":{"@type":"ImageObject","@id":"\/logo.png","url":"\/logo.png","width":600,"height":60}},"image":{"@type":"ImageObject","@id":"https:\/\/www.alldeco.cz\/wp-content\/uploads\/franky_joe-crm-1315876_1920.jpg","url":"https:\/\/www.alldeco.cz\/wp-content\/uploads\/franky_joe-crm-1315876_1920.jpg","height":0,"width":0},"keywords":null},{"@type":"Article","@id":"https:\/\/www.alldeco.cz\/spolehlivy-zdroj-energie-pro-kazdy-den\/","headline":"Spolehliv\u00fd zdroj energie pro ka\u017ed\u00fd den","url":"https:\/\/www.alldeco.cz\/spolehlivy-zdroj-energie-pro-kazdy-den\/","datePublished":"2026-05-18","dateModified":"2026-05-18","mainEntityOfPage":"https:\/\/www.alldeco.cz\/spolehlivy-zdroj-energie-pro-kazdy-den\/","author":{"@type":"Person","@id":"https:\/\/www.alldeco.cz\/author\/devene\/#Person","name":"devene","url":"https:\/\/www.alldeco.cz\/author\/devene\/","identifier":1,"image":{"@type":"ImageObject","@id":"https:\/\/secure.gravatar.com\/avatar\/ade5060b95d9432296fc92debd2ba3136f7a4d727a7bc57afe18c4808c7d7ac9?s=96&d=mm&r=g","url":"https:\/\/secure.gravatar.com\/avatar\/ade5060b95d9432296fc92debd2ba3136f7a4d727a7bc57afe18c4808c7d7ac9?s=96&d=mm&r=g","height":96,"width":96}},"publisher":{"@type":"Organization","name":"alldeco.cz","logo":{"@type":"ImageObject","@id":"\/logo.png","url":"\/logo.png","width":600,"height":60}},"image":{"@type":"ImageObject","@id":"https:\/\/www.alldeco.cz\/wp-content\/uploads\/pexels-camera-1842202_1920.jpg","url":"https:\/\/www.alldeco.cz\/wp-content\/uploads\/pexels-camera-1842202_1920.jpg","height":0,"width":0},"keywords":null},{"@type":"Article","@id":"https:\/\/www.alldeco.cz\/co-vse-patri-na-poptavkovy-formular-rychlobezna-vrata\/","headline":"Co v\u0161e pat\u0159\u00ed na popt\u00e1vkov\u00fd formul\u00e1\u0159 rychlob\u011b\u017en\u00e1 vrata","url":"https:\/\/www.alldeco.cz\/co-vse-patri-na-poptavkovy-formular-rychlobezna-vrata\/","datePublished":"2026-04-18","dateModified":"2026-04-18","mainEntityOfPage":"https:\/\/www.alldeco.cz\/co-vse-patri-na-poptavkovy-formular-rychlobezna-vrata\/","author":{"@type":"Person","@id":"https:\/\/www.alldeco.cz\/author\/devene\/#Person","name":"devene","url":"https:\/\/www.alldeco.cz\/author\/devene\/","identifier":1,"image":{"@type":"ImageObject","@id":"https:\/\/secure.gravatar.com\/avatar\/ade5060b95d9432296fc92debd2ba3136f7a4d727a7bc57afe18c4808c7d7ac9?s=96&d=mm&r=g","url":"https:\/\/secure.gravatar.com\/avatar\/ade5060b95d9432296fc92debd2ba3136f7a4d727a7bc57afe18c4808c7d7ac9?s=96&d=mm&r=g","height":96,"width":96}},"publisher":{"@type":"Organization","name":"alldeco.cz","logo":{"@type":"ImageObject","@id":"\/logo.png","url":"\/logo.png","width":600,"height":60}},"image":{"@type":"ImageObject","@id":"https:\/\/www.alldeco.cz\/wp-content\/uploads\/garaz8_3.jpg","url":"https:\/\/www.alldeco.cz\/wp-content\/uploads\/garaz8_3.jpg","height":0,"width":0},"keywords":null},{"@type":"Article","@id":"https:\/\/www.alldeco.cz\/balim-veci-na-dovolenou-a-nechci-zmeskat-odlet-letadla\/","headline":"Bal\u00edm v\u011bci na dovolenou a nechci zme\u0161kat odlet letadla","url":"https:\/\/www.alldeco.cz\/balim-veci-na-dovolenou-a-nechci-zmeskat-odlet-letadla\/","datePublished":"2025-02-20","dateModified":"2025-02-20","mainEntityOfPage":"https:\/\/www.alldeco.cz\/balim-veci-na-dovolenou-a-nechci-zmeskat-odlet-letadla\/","author":{"@type":"Person","@id":"https:\/\/www.alldeco.cz\/author\/devene\/#Person","name":"devene","url":"https:\/\/www.alldeco.cz\/author\/devene\/","identifier":1,"image":{"@type":"ImageObject","@id":"https:\/\/secure.gravatar.com\/avatar\/ade5060b95d9432296fc92debd2ba3136f7a4d727a7bc57afe18c4808c7d7ac9?s=96&d=mm&r=g","url":"https:\/\/secure.gravatar.com\/avatar\/ade5060b95d9432296fc92debd2ba3136f7a4d727a7bc57afe18c4808c7d7ac9?s=96&d=mm&r=g","height":96,"width":96}},"publisher":{"@type":"Organization","name":"alldeco.cz","logo":{"@type":"ImageObject","@id":"\/logo.png","url":"\/logo.png","width":600,"height":60}},"image":{"@type":"ImageObject","@id":"https:\/\/www.alldeco.cz\/wp-content\/uploads\/pexels-alexander-f-ungerer-157458816-30673279_1.jpg","url":"https:\/\/www.alldeco.cz\/wp-content\/uploads\/pexels-alexander-f-ungerer-157458816-30673279_1.jpg","height":0,"width":0},"keywords":null},{"@type":"Article","@id":"https:\/\/www.alldeco.cz\/bezpeci-na-dosah-telefony-novo-pomahaji-seniorum-v-tisni\/","headline":"Bezpe\u010d\u00ed na dosah: Telefony NOVO pom\u00e1haj\u00ed senior\u016fm v t\u00edsni","url":"https:\/\/www.alldeco.cz\/bezpeci-na-dosah-telefony-novo-pomahaji-seniorum-v-tisni\/","datePublished":"2025-01-19","dateModified":"2025-01-19","mainEntityOfPage":"https:\/\/www.alldeco.cz\/bezpeci-na-dosah-telefony-novo-pomahaji-seniorum-v-tisni\/","author":{"@type":"Person","@id":"https:\/\/www.alldeco.cz\/author\/devene\/#Person","name":"devene","url":"https:\/\/www.alldeco.cz\/author\/devene\/","identifier":1,"image":{"@type":"ImageObject","@id":"https:\/\/secure.gravatar.com\/avatar\/ade5060b95d9432296fc92debd2ba3136f7a4d727a7bc57afe18c4808c7d7ac9?s=96&d=mm&r=g","url":"https:\/\/secure.gravatar.com\/avatar\/ade5060b95d9432296fc92debd2ba3136f7a4d727a7bc57afe18c4808c7d7ac9?s=96&d=mm&r=g","height":96,"width":96}},"publisher":{"@type":"Organization","name":"alldeco.cz","logo":{"@type":"ImageObject","@id":"\/logo.png","url":"\/logo.png","width":600,"height":60}},"image":{"@type":"ImageObject","@id":"https:\/\/www.alldeco.cz\/wp-content\/uploads\/senior-citizens-1461424_640.jpg","url":"https:\/\/www.alldeco.cz\/wp-content\/uploads\/senior-citizens-1461424_640.jpg","height":0,"width":0},"keywords":null},{"@type":"Article","@id":"https:\/\/www.alldeco.cz\/pripravte-se-na-zimu-na-bezkach\/","headline":"P\u0159ipravte se na zimu na b\u011b\u017ek\u00e1ch!","url":"https:\/\/www.alldeco.cz\/pripravte-se-na-zimu-na-bezkach\/","datePublished":"2024-12-23","dateModified":"2024-12-23","mainEntityOfPage":"https:\/\/www.alldeco.cz\/pripravte-se-na-zimu-na-bezkach\/","author":{"@type":"Person","@id":"https:\/\/www.alldeco.cz\/author\/devene\/#Person","name":"devene","url":"https:\/\/www.alldeco.cz\/author\/devene\/","identifier":1,"image":{"@type":"ImageObject","@id":"https:\/\/secure.gravatar.com\/avatar\/ade5060b95d9432296fc92debd2ba3136f7a4d727a7bc57afe18c4808c7d7ac9?s=96&d=mm&r=g","url":"https:\/\/secure.gravatar.com\/avatar\/ade5060b95d9432296fc92debd2ba3136f7a4d727a7bc57afe18c4808c7d7ac9?s=96&d=mm&r=g","height":96,"width":96}},"publisher":{"@type":"Organization","name":"alldeco.cz","logo":{"@type":"ImageObject","@id":"\/logo.png","url":"\/logo.png","width":600,"height":60}},"image":{"@type":"ImageObject","@id":"https:\/\/www.alldeco.cz\/wp-content\/uploads\/ly%C5%BEov%C3%A1n%C3%AD_3.jpg","url":"https:\/\/www.alldeco.cz\/wp-content\/uploads\/ly%C5%BEov%C3%A1n%C3%AD_3.jpg","height":0,"width":0},"keywords":null},{"@type":"Article","@id":"https:\/\/www.alldeco.cz\/internetove-obchody-resi-i-balici-a-vyplnovy-material-do-krabic\/","headline":"Internetov\u00e9 obchody \u0159e\u0161\u00ed i balic\u00ed a v\u00fdpl\u0148ov\u00fd materi\u00e1l do krabic","url":"https:\/\/www.alldeco.cz\/internetove-obchody-resi-i-balici-a-vyplnovy-material-do-krabic\/","datePublished":"2024-12-10","dateModified":"2024-12-10","mainEntityOfPage":"https:\/\/www.alldeco.cz\/internetove-obchody-resi-i-balici-a-vyplnovy-material-do-krabic\/","author":{"@type":"Person","@id":"https:\/\/www.alldeco.cz\/author\/devene\/#Person","name":"devene","url":"https:\/\/www.alldeco.cz\/author\/devene\/","identifier":1,"image":{"@type":"ImageObject","@id":"https:\/\/secure.gravatar.com\/avatar\/ade5060b95d9432296fc92debd2ba3136f7a4d727a7bc57afe18c4808c7d7ac9?s=96&d=mm&r=g","url":"https:\/\/secure.gravatar.com\/avatar\/ade5060b95d9432296fc92debd2ba3136f7a4d727a7bc57afe18c4808c7d7ac9?s=96&d=mm&r=g","height":96,"width":96}},"publisher":{"@type":"Organization","name":"alldeco.cz","logo":{"@type":"ImageObject","@id":"\/logo.png","url":"\/logo.png","width":600,"height":60}},"image":{"@type":"ImageObject","@id":"https:\/\/www.alldeco.cz\/wp-content\/uploads\/boxes-5429964_640_4.jpg","url":"https:\/\/www.alldeco.cz\/wp-content\/uploads\/boxes-5429964_640_4.jpg","height":0,"width":0},"keywords":null},{"@type":"Article","@id":"https:\/\/www.alldeco.cz\/jaka-specifika-musi-mit-prepravka-na-ovoce\/","headline":"Jak\u00e1 specifika mus\u00ed m\u00edt p\u0159epravka na ovoce","url":"https:\/\/www.alldeco.cz\/jaka-specifika-musi-mit-prepravka-na-ovoce\/","datePublished":"2024-04-13","dateModified":"2024-04-13","mainEntityOfPage":"https:\/\/www.alldeco.cz\/jaka-specifika-musi-mit-prepravka-na-ovoce\/","author":{"@type":"Person","@id":"https:\/\/www.alldeco.cz\/author\/devene\/#Person","name":"devene","url":"https:\/\/www.alldeco.cz\/author\/devene\/","identifier":1,"image":{"@type":"ImageObject","@id":"https:\/\/secure.gravatar.com\/avatar\/ade5060b95d9432296fc92debd2ba3136f7a4d727a7bc57afe18c4808c7d7ac9?s=96&d=mm&r=g","url":"https:\/\/secure.gravatar.com\/avatar\/ade5060b95d9432296fc92debd2ba3136f7a4d727a7bc57afe18c4808c7d7ac9?s=96&d=mm&r=g","height":96,"width":96}},"publisher":{"@type":"Organization","name":"alldeco.cz","logo":{"@type":"ImageObject","@id":"\/logo.png","url":"\/logo.png","width":600,"height":60}},"image":{"@type":"ImageObject","@id":"https:\/\/www.alldeco.cz\/wp-content\/uploads\/zahrada3_10.jpg","url":"https:\/\/www.alldeco.cz\/wp-content\/uploads\/zahrada3_10.jpg","height":0,"width":0},"keywords":null}]}